{"id":7193,"date":"2018-12-31T17:54:44","date_gmt":"2018-12-31T15:54:44","guid":{"rendered":"https:\/\/www.artificialis.eu\/?p=7193"},"modified":"2018-12-31T17:55:42","modified_gmt":"2018-12-31T15:55:42","slug":"2018-revisited","status":"publish","type":"post","link":"https:\/\/www.artificialis.eu\/?p=7193","title":{"rendered":"2018 revisited"},"content":{"rendered":"<p><a href=\"https:\/\/www.artificialis.eu\/wp-content\/uploads\/2018\/12\/2018-revisited.jpg\" target=\"_blank\" rel=\"noopener\"><img loading=\"lazy\" decoding=\"async\" class=\"aligncenter wp-image-7199 size-medium\" title=\"Artworks of the Month 2018\" src=\"https:\/\/www.artificialis.eu\/wp-content\/uploads\/2018\/12\/2018-revisited-300x300.jpg\" alt=\"\" width=\"300\" height=\"300\" srcset=\"https:\/\/www.artificialis.eu\/wp-content\/uploads\/2018\/12\/2018-revisited-300x300.jpg 300w, https:\/\/www.artificialis.eu\/wp-content\/uploads\/2018\/12\/2018-revisited-150x150.jpg 150w, https:\/\/www.artificialis.eu\/wp-content\/uploads\/2018\/12\/2018-revisited-768x768.jpg 768w, https:\/\/www.artificialis.eu\/wp-content\/uploads\/2018\/12\/2018-revisited-1024x1024.jpg 1024w\" sizes=\"auto, (max-width: 300px) 100vw, 300px\" \/><\/a><\/p>\n<p>&nbsp;<\/p>\n<p style=\"text-align: center;\"><strong>January<\/strong><\/p>\n<p>&nbsp;<\/p>\n<p><a href=\"https:\/\/www.artificialis.eu\/wp-content\/uploads\/2017\/12\/OUAGA-NYC-\u00a9-Joana-Choumali-1.jpg\" target=\"_blank\" rel=\"noopener\"><img loading=\"lazy\" decoding=\"async\" class=\"aligncenter wp-image-5510 size-medium\" title=\"Ouagadougou\/New York \u00a9 Joana Choumali\" src=\"https:\/\/www.artificialis.eu\/wp-content\/uploads\/2017\/12\/OUAGA-NYC-\u00a9-Joana-Choumali-1-300x184.jpg\" alt=\"\" width=\"300\" height=\"184\" srcset=\"https:\/\/www.artificialis.eu\/wp-content\/uploads\/2017\/12\/OUAGA-NYC-\u00a9-Joana-Choumali-1-300x184.jpg 300w, https:\/\/www.artificialis.eu\/wp-content\/uploads\/2017\/12\/OUAGA-NYC-\u00a9-Joana-Choumali-1-768x471.jpg 768w, https:\/\/www.artificialis.eu\/wp-content\/uploads\/2017\/12\/OUAGA-NYC-\u00a9-Joana-Choumali-1-1024x628.jpg 1024w, https:\/\/www.artificialis.eu\/wp-content\/uploads\/2017\/12\/OUAGA-NYC-\u00a9-Joana-Choumali-1-150x92.jpg 150w, https:\/\/www.artificialis.eu\/wp-content\/uploads\/2017\/12\/OUAGA-NYC-\u00a9-Joana-Choumali-1.jpg 1134w\" sizes=\"auto, (max-width: 300px) 100vw, 300px\" \/><\/a><\/p>\n<p>&nbsp;<\/p>\n<p style=\"text-align: center;\">We started 2018 with the diptych <span style=\"color: #2c80aa;\"><a style=\"color: #2c80aa;\" href=\"https:\/\/www.artificialis.eu\/?p=5508\" target=\"_blank\" rel=\"noopener\">\u201cOuagadougou\/New York\u201d by Joana Choumali<\/a><\/span>, where the artist from the Ivory Coast, reflects about the impact of migration in the home and the arrival countries.<\/p>\n<p>&nbsp;<\/p>\n<p><a href=\"https:\/\/www.artificialis.eu\/wp-content\/uploads\/2018\/01\/AdrianFernandrezMilanes.jpg\" target=\"_blank\" rel=\"noopener\"><img loading=\"lazy\" decoding=\"async\" class=\"aligncenter wp-image-5608 size-medium\" title=\"Adri\u00e1n Fern\u00e1ndez Milan\u00e9s: Cosmonaut (In Search of Orientation), 2015\" src=\"https:\/\/www.artificialis.eu\/wp-content\/uploads\/2018\/01\/AdrianFernandrezMilanes-300x161.jpg\" alt=\"\" width=\"300\" height=\"161\" srcset=\"https:\/\/www.artificialis.eu\/wp-content\/uploads\/2018\/01\/AdrianFernandrezMilanes-300x161.jpg 300w, https:\/\/www.artificialis.eu\/wp-content\/uploads\/2018\/01\/AdrianFernandrezMilanes-768x413.jpg 768w, https:\/\/www.artificialis.eu\/wp-content\/uploads\/2018\/01\/AdrianFernandrezMilanes-1024x551.jpg 1024w, https:\/\/www.artificialis.eu\/wp-content\/uploads\/2018\/01\/AdrianFernandrezMilanes-150x81.jpg 150w\" sizes=\"auto, (max-width: 300px) 100vw, 300px\" \/><\/a><\/p>\n<p>&nbsp;<\/p>\n<p style=\"text-align: center;\">Moreover, we visited the exhibition <span style=\"color: #2c80aa;\"><a style=\"color: #2c80aa;\" href=\"https:\/\/www.artificialis.eu\/?p=5529\" target=\"_blank\" rel=\"noopener\">\u201cArt x Cuba. Contemporary Perspectives since 1989\u201d<\/a><\/span> in the Aachen Ludwig Forum f\u00fcr Internationale Kunst. Artworks from the Caribbean island up from 1989 communicated with most recent positions.<\/p>\n<p>&nbsp;<\/p>\n<p style=\"text-align: center;\"><strong>February<\/strong><\/p>\n<p>&nbsp;<\/p>\n<p><a href=\"https:\/\/www.artificialis.eu\/wp-content\/uploads\/2018\/02\/metaforas-de-silencio-otras.jpg\" target=\"_blank\" rel=\"noopener\"><img loading=\"lazy\" decoding=\"async\" class=\"aligncenter wp-image-5645 size-medium\" title=\"Untitled (Series Urban Landscape \u2013 The Habitat Project) \u00a9 Lissette Sol\u00f3rzano\" src=\"https:\/\/www.artificialis.eu\/wp-content\/uploads\/2018\/02\/metaforas-de-silencio-otras-300x250.jpg\" alt=\"\" width=\"300\" height=\"250\" srcset=\"https:\/\/www.artificialis.eu\/wp-content\/uploads\/2018\/02\/metaforas-de-silencio-otras-300x250.jpg 300w, https:\/\/www.artificialis.eu\/wp-content\/uploads\/2018\/02\/metaforas-de-silencio-otras-768x640.jpg 768w, https:\/\/www.artificialis.eu\/wp-content\/uploads\/2018\/02\/metaforas-de-silencio-otras-1024x854.jpg 1024w, https:\/\/www.artificialis.eu\/wp-content\/uploads\/2018\/02\/metaforas-de-silencio-otras-150x125.jpg 150w, https:\/\/www.artificialis.eu\/wp-content\/uploads\/2018\/02\/metaforas-de-silencio-otras.jpg 2048w\" sizes=\"auto, (max-width: 300px) 100vw, 300px\" \/><\/a><\/p>\n<p>&nbsp;<\/p>\n<p style=\"text-align: center;\">The artwork of the month of February came also from Cuba. In her series <span style=\"color: #2c80aa;\"><a style=\"color: #2c80aa;\" href=\"https:\/\/www.artificialis.eu\/?p=5644\" target=\"_blank\" rel=\"noopener\">\u201cUrban Landscape \u2013 The Habitat Project\u201d Lisette Sol\u00f3rzano<\/a><\/span> questions in the medium of photography about modifications within the urban space and their significance for the population.<\/p>\n<p>&nbsp;<\/p>\n<p><a href=\"https:\/\/www.artificialis.eu\/wp-content\/uploads\/2018\/12\/Logos_ArtWeek2018-Kopie2.jpg\" target=\"_blank\" rel=\"noopener\"><img loading=\"lazy\" decoding=\"async\" class=\"aligncenter wp-image-7196\" src=\"https:\/\/www.artificialis.eu\/wp-content\/uploads\/2018\/12\/Logos_ArtWeek2018-Kopie2-300x109.jpg\" alt=\"\" width=\"380\" height=\"138\" srcset=\"https:\/\/www.artificialis.eu\/wp-content\/uploads\/2018\/12\/Logos_ArtWeek2018-Kopie2-300x109.jpg 300w, https:\/\/www.artificialis.eu\/wp-content\/uploads\/2018\/12\/Logos_ArtWeek2018-Kopie2-768x280.jpg 768w, https:\/\/www.artificialis.eu\/wp-content\/uploads\/2018\/12\/Logos_ArtWeek2018-Kopie2-1024x374.jpg 1024w, https:\/\/www.artificialis.eu\/wp-content\/uploads\/2018\/12\/Logos_ArtWeek2018-Kopie2-150x55.jpg 150w, https:\/\/www.artificialis.eu\/wp-content\/uploads\/2018\/12\/Logos_ArtWeek2018-Kopie2.jpg 1403w\" sizes=\"auto, (max-width: 380px) 100vw, 380px\" \/><\/a><\/p>\n<p>&nbsp;<\/p>\n<p style=\"text-align: center;\">Traditionally, the month of February was concentrated on the <span style=\"color: #2c80aa;\"><a style=\"color: #2c80aa;\" href=\"https:\/\/www.artificialis.eu\/?p=5652\" target=\"_blank\" rel=\"noopener\">Bolognese art week<\/a><\/span>, with the art fair <span style=\"color: #2c80aa;\"><a style=\"color: #2c80aa;\" href=\"https:\/\/www.artificialis.eu\/?p=5662\" target=\"_blank\" rel=\"noopener\">ARTE FIERA<\/a><\/span>, the independent <span style=\"color: #2c80aa;\"><a style=\"color: #2c80aa;\" href=\"https:\/\/www.artificialis.eu\/?p=5970\" target=\"_blank\" rel=\"noopener\">SetUp CONTEMPORARY ART FAIR<\/a><\/span> and the numerous collateral events all over the town within the <span style=\"color: #2c80aa;\"><a style=\"color: #2c80aa;\" href=\"https:\/\/www.artificialis.eu\/?p=6280\" target=\"_blank\" rel=\"noopener\">ARTE City<\/a><\/span>.<\/p>\n<p>&nbsp;<\/p>\n<p style=\"text-align: center;\"><strong>March<\/strong><\/p>\n<p>&nbsp;<\/p>\n<p><a href=\"https:\/\/www.artificialis.eu\/wp-content\/uploads\/2018\/03\/Huisvrouw2-2.jpg\" target=\"_blank\" rel=\"noopener\"><img loading=\"lazy\" decoding=\"async\" class=\"aligncenter wp-image-6286 size-medium\" title=\"Huisvrouw \u00a9 Elyse Galiano\" src=\"https:\/\/www.artificialis.eu\/wp-content\/uploads\/2018\/03\/Huisvrouw2-2-300x208.jpg\" alt=\"\" width=\"300\" height=\"208\" srcset=\"https:\/\/www.artificialis.eu\/wp-content\/uploads\/2018\/03\/Huisvrouw2-2-300x208.jpg 300w, https:\/\/www.artificialis.eu\/wp-content\/uploads\/2018\/03\/Huisvrouw2-2-768x532.jpg 768w, https:\/\/www.artificialis.eu\/wp-content\/uploads\/2018\/03\/Huisvrouw2-2-1024x709.jpg 1024w, https:\/\/www.artificialis.eu\/wp-content\/uploads\/2018\/03\/Huisvrouw2-2-150x104.jpg 150w, https:\/\/www.artificialis.eu\/wp-content\/uploads\/2018\/03\/Huisvrouw2-2.jpg 2041w\" sizes=\"auto, (max-width: 300px) 100vw, 300px\" \/><\/a><\/p>\n<p>&nbsp;<\/p>\n<p style=\"text-align: center;\">In March, we presented the artwork <span style=\"color: #2c80aa;\"><a style=\"color: #2c80aa;\" href=\"https:\/\/www.artificialis.eu\/?p=6284\" target=\"_blank\" rel=\"noopener\">\u201cHuisvrouw\u201d (Housewife) by Elyse Galiano<\/a><\/span>. It is part of her series \u201cApolline, Constance et les autres \u2026\u201d for which the artist embroidered texts from ancient manuals of good manners for women with natural hair on canvas.<\/p>\n<p>&nbsp;<\/p>\n<p><a href=\"https:\/\/www.artificialis.eu\/wp-content\/uploads\/2018\/03\/Titel1.jpg\" target=\"_blank\" rel=\"noopener\"><img loading=\"lazy\" decoding=\"async\" class=\"aligncenter wp-image-6378 size-medium\" src=\"https:\/\/www.artificialis.eu\/wp-content\/uploads\/2018\/03\/Titel1-300x250.jpg\" alt=\"\" width=\"300\" height=\"250\" srcset=\"https:\/\/www.artificialis.eu\/wp-content\/uploads\/2018\/03\/Titel1-300x250.jpg 300w, https:\/\/www.artificialis.eu\/wp-content\/uploads\/2018\/03\/Titel1-768x640.jpg 768w, https:\/\/www.artificialis.eu\/wp-content\/uploads\/2018\/03\/Titel1-1024x853.jpg 1024w, https:\/\/www.artificialis.eu\/wp-content\/uploads\/2018\/03\/Titel1-150x125.jpg 150w\" sizes=\"auto, (max-width: 300px) 100vw, 300px\" \/><\/a><\/p>\n<p>&nbsp;<\/p>\n<p style=\"text-align: center;\">Additionally, we visited the exhibition <span style=\"color: #2c80aa;\"><a style=\"color: #2c80aa;\" href=\"https:\/\/www.artificialis.eu\/?p=6287\" target=\"_blank\" rel=\"noopener\">\u201cVivian Maier \u2013 La fotografa ritrovata\u201d<\/a><\/span> in the Bolognese Palazzo Pallavicini.<\/p>\n<p>&nbsp;<\/p>\n<p style=\"text-align: center;\"><strong>April<\/strong><\/p>\n<p>&nbsp;<\/p>\n<p><a href=\"https:\/\/www.artificialis.eu\/wp-content\/uploads\/2018\/03\/Self-portrait4.jpg\" target=\"_blank\" rel=\"noopener\"><img loading=\"lazy\" decoding=\"async\" class=\"aligncenter wp-image-6392 size-medium\" title=\"Mariela Fornasari &amp; Ainel\u00e9n Bertotti Burket: Autorretrato\" src=\"https:\/\/www.artificialis.eu\/wp-content\/uploads\/2018\/03\/Self-portrait4-233x300.jpg\" alt=\"\" width=\"233\" height=\"300\" srcset=\"https:\/\/www.artificialis.eu\/wp-content\/uploads\/2018\/03\/Self-portrait4-233x300.jpg 233w, https:\/\/www.artificialis.eu\/wp-content\/uploads\/2018\/03\/Self-portrait4-768x989.jpg 768w, https:\/\/www.artificialis.eu\/wp-content\/uploads\/2018\/03\/Self-portrait4-795x1024.jpg 795w, https:\/\/www.artificialis.eu\/wp-content\/uploads\/2018\/03\/Self-portrait4-116x150.jpg 116w\" sizes=\"auto, (max-width: 233px) 100vw, 233px\" \/><\/a><\/p>\n<p>&nbsp;<\/p>\n<p style=\"text-align: center;\">Two artists from Argentina &#8211; <span style=\"color: #2c80aa;\"><a style=\"color: #2c80aa;\" href=\"https:\/\/www.artificialis.eu\/?p=6391\" target=\"_blank\" rel=\"noopener\">Mariela Fornasari and Ainel\u00e9n Bertotti Burket<\/a><\/span>&nbsp;\u2013 conceived their \u201cAutorretrato\u201d (Self-portrait) in four dimensions. The installation plays with the four dimensions, inviting the beholder to perceive the artwork regarding his\/her own conditions.<\/p>\n<p>&nbsp;<\/p>\n<p><a href=\"https:\/\/www.artificialis.eu\/wp-content\/uploads\/2018\/04\/Titelbild.jpg\" target=\"_blank\" rel=\"noopener\"><img loading=\"lazy\" decoding=\"async\" class=\"aligncenter wp-image-6414 size-medium\" title=\"Laura Grisi \u2013 Hypothesis on Infinity, exhibition view\" src=\"https:\/\/www.artificialis.eu\/wp-content\/uploads\/2018\/04\/Titelbild-300x225.jpg\" alt=\"\" width=\"300\" height=\"225\" srcset=\"https:\/\/www.artificialis.eu\/wp-content\/uploads\/2018\/04\/Titelbild-300x225.jpg 300w, https:\/\/www.artificialis.eu\/wp-content\/uploads\/2018\/04\/Titelbild-768x576.jpg 768w, https:\/\/www.artificialis.eu\/wp-content\/uploads\/2018\/04\/Titelbild-1024x768.jpg 1024w, https:\/\/www.artificialis.eu\/wp-content\/uploads\/2018\/04\/Titelbild-150x113.jpg 150w\" sizes=\"auto, (max-width: 300px) 100vw, 300px\" \/><\/a><\/p>\n<p>&nbsp;<\/p>\n<p style=\"text-align: center;\">The Bolognese gallery P420 presented <span style=\"color: #2c80aa;\"><a style=\"color: #2c80aa;\" href=\"https:\/\/www.artificialis.eu\/?p=6413\" target=\"_blank\" rel=\"noopener\">\u201cLaura Grisi \u2013 Hypothesis on Infinity\u201d<\/a><\/span> as time journey into the late 1960s and early 1970s, when the Italian artist was first approved.<\/p>\n<p>&nbsp;<\/p>\n<p><a href=\"https:\/\/www.artificialis.eu\/wp-content\/uploads\/2018\/04\/Titelbild-1.jpg\" target=\"_blank\" rel=\"noopener\"><img loading=\"lazy\" decoding=\"async\" class=\"aligncenter wp-image-6453 size-medium\" title=\"Elyse Galiano &amp; Donatella Lombardo: Fil rouge, Contemporanea 2, Florence\" src=\"https:\/\/www.artificialis.eu\/wp-content\/uploads\/2018\/04\/Titelbild-1-300x217.jpg\" alt=\"\" width=\"300\" height=\"217\" srcset=\"https:\/\/www.artificialis.eu\/wp-content\/uploads\/2018\/04\/Titelbild-1-300x217.jpg 300w, https:\/\/www.artificialis.eu\/wp-content\/uploads\/2018\/04\/Titelbild-1-768x556.jpg 768w, https:\/\/www.artificialis.eu\/wp-content\/uploads\/2018\/04\/Titelbild-1-1024x742.jpg 1024w, https:\/\/www.artificialis.eu\/wp-content\/uploads\/2018\/04\/Titelbild-1-150x109.jpg 150w\" sizes=\"auto, (max-width: 300px) 100vw, 300px\" \/><\/a><\/p>\n<p>&nbsp;<\/p>\n<p style=\"text-align: center;\">Once again, we met Elyse Galiano and her works. For the exhibition, <span style=\"color: #2c80aa;\"><a style=\"color: #2c80aa;\" href=\"https:\/\/www.artificialis.eu\/?p=6452\" target=\"_blank\" rel=\"noopener\">\u201cFil Rouge\u201d<\/a><\/span> the Florence gallerist Antonio Lo Pinto invited <a href=\"https:\/\/www.artificialis.eu\/?page_id=6388\" target=\"_blank\" rel=\"noopener\"><span style=\"color: #2c80aa;\">Elyse Galiano<\/span><\/a> and <a href=\"https:\/\/www.artificialis.eu\/?page_id=3465\" target=\"_blank\" rel=\"noopener\"><span style=\"color: #2c80aa;\">Donatella Lombardo<\/span><\/a>, two artists with different backgrounds. However, there are common things in the works of both. Formally, the two artists are using \u2013 inter alia \u2013 textile and thread. Furthermore, they are questioning about female role models in society.<\/p>\n<p>&nbsp;<\/p>\n<p><a href=\"https:\/\/www.artificialis.eu\/wp-content\/uploads\/2018\/05\/Deweer1.jpg\" target=\"_blank\" rel=\"noopener\"><img loading=\"lazy\" decoding=\"async\" class=\"aligncenter wp-image-6650 size-medium\" title=\"Deweer Gallery, Gabriele Beveridge: Untitled, 2017\" src=\"https:\/\/www.artificialis.eu\/wp-content\/uploads\/2018\/05\/Deweer1-214x300.jpg\" alt=\"\" width=\"214\" height=\"300\" srcset=\"https:\/\/www.artificialis.eu\/wp-content\/uploads\/2018\/05\/Deweer1-214x300.jpg 214w, https:\/\/www.artificialis.eu\/wp-content\/uploads\/2018\/05\/Deweer1-768x1077.jpg 768w, https:\/\/www.artificialis.eu\/wp-content\/uploads\/2018\/05\/Deweer1-730x1024.jpg 730w, https:\/\/www.artificialis.eu\/wp-content\/uploads\/2018\/05\/Deweer1-107x150.jpg 107w, https:\/\/www.artificialis.eu\/wp-content\/uploads\/2018\/05\/Deweer1.jpg 1711w\" sizes=\"auto, (max-width: 214px) 100vw, 214px\" \/><\/a><\/p>\n<p>&nbsp;<\/p>\n<p style=\"text-align: center;\">An overview of the Milanese art fair <span style=\"color: #2c80aa;\"><a style=\"color: #2c80aa;\" href=\"https:\/\/www.artificialis.eu\/?p=6648\" target=\"_blank\" rel=\"noopener\">miart<\/a><\/span> showed different perspectives with its sections Decades, Generations, On Demand, Established Contemporary and Established Master.<\/p>\n<p>&nbsp;<\/p>\n<p style=\"text-align: center;\"><strong>May<\/strong><\/p>\n<p>&nbsp;<\/p>\n<p><a href=\"https:\/\/www.artificialis.eu\/wp-content\/uploads\/2018\/05\/question-de-liberte\u00ec.jpg\" target=\"_blank\" rel=\"noopener\"><img loading=\"lazy\" decoding=\"async\" class=\"aligncenter wp-image-6654 size-medium\" title=\"Marie Cagnasso: Question de Libert\u00e9\" src=\"https:\/\/www.artificialis.eu\/wp-content\/uploads\/2018\/05\/question-de-liberte\u00ec-300x231.jpg\" alt=\"\" width=\"300\" height=\"231\" srcset=\"https:\/\/www.artificialis.eu\/wp-content\/uploads\/2018\/05\/question-de-liberte\u00ec-300x231.jpg 300w, https:\/\/www.artificialis.eu\/wp-content\/uploads\/2018\/05\/question-de-liberte\u00ec-768x593.jpg 768w, https:\/\/www.artificialis.eu\/wp-content\/uploads\/2018\/05\/question-de-liberte\u00ec-1024x790.jpg 1024w, https:\/\/www.artificialis.eu\/wp-content\/uploads\/2018\/05\/question-de-liberte\u00ec-150x116.jpg 150w, https:\/\/www.artificialis.eu\/wp-content\/uploads\/2018\/05\/question-de-liberte\u00ec.jpg 1134w\" sizes=\"auto, (max-width: 300px) 100vw, 300px\" \/><\/a><\/p>\n<p>&nbsp;<\/p>\n<p style=\"text-align: center;\">With \u201c<span style=\"color: #2c80aa;\"><a style=\"color: #2c80aa;\" href=\"https:\/\/www.artificialis.eu\/?p=6651\" target=\"_blank\" rel=\"noopener\">Question de Libert\u00e9<\/a><\/span>\u201d (Question of Freedom) the French artist, <span style=\"color: #2c80aa;\"><a style=\"color: #2c80aa;\" href=\"https:\/\/www.artificialis.eu\/?page_id=981\" target=\"_blank\" rel=\"noopener\">Marie Cagnasso<\/a><\/span> reflected about protection and isolation.<\/p>\n<p>&nbsp;<\/p>\n<p style=\"text-align: center;\"><strong>June<\/strong><\/p>\n<p>&nbsp;<\/p>\n<p><a href=\"https:\/\/www.artificialis.eu\/wp-content\/uploads\/2018\/06\/SunsetRosanna.jpg\" target=\"_blank\" rel=\"noopener\"><img loading=\"lazy\" decoding=\"async\" class=\"aligncenter wp-image-6666 size-medium\" title=\"Ann Tardo: Sunset Rosanna\" src=\"https:\/\/www.artificialis.eu\/wp-content\/uploads\/2018\/06\/SunsetRosanna-300x252.jpg\" alt=\"\" width=\"300\" height=\"252\" srcset=\"https:\/\/www.artificialis.eu\/wp-content\/uploads\/2018\/06\/SunsetRosanna-300x252.jpg 300w, https:\/\/www.artificialis.eu\/wp-content\/uploads\/2018\/06\/SunsetRosanna-768x646.jpg 768w, https:\/\/www.artificialis.eu\/wp-content\/uploads\/2018\/06\/SunsetRosanna-1024x862.jpg 1024w, https:\/\/www.artificialis.eu\/wp-content\/uploads\/2018\/06\/SunsetRosanna-150x126.jpg 150w, https:\/\/www.artificialis.eu\/wp-content\/uploads\/2018\/06\/SunsetRosanna.jpg 1729w\" sizes=\"auto, (max-width: 300px) 100vw, 300px\" \/><\/a><\/p>\n<p>&nbsp;<\/p>\n<p style=\"text-align: center;\">From May to September, the Bolognese MAMbo (Museo d\u2019Arte Moderna, Bologna) dedicated an exhibition to <span style=\"color: #2c80aa;\"><a style=\"color: #2c80aa;\" href=\"https:\/\/www.artificialis.eu\/?p=6665\" target=\"_blank\" rel=\"noopener\">Rosanna Chiessi<\/a><\/span> in its Project Room. She supported national artists over 50 years and invited international artists to work with her. In doing so, her attention was directed to the artistic research and not to a production for the art market.<\/p>\n<p>&nbsp;<\/p>\n<p><a href=\"https:\/\/www.artificialis.eu\/wp-content\/uploads\/2018\/06\/Luciferine-11.jpg\" target=\"_blank\" rel=\"noopener\"><img loading=\"lazy\" decoding=\"async\" class=\"aligncenter wp-image-6663 size-medium\" title=\"Luciferine 11 \u00a9 Petra Warras\" src=\"https:\/\/www.artificialis.eu\/wp-content\/uploads\/2018\/06\/Luciferine-11-200x300.jpg\" alt=\"\" width=\"200\" height=\"300\" srcset=\"https:\/\/www.artificialis.eu\/wp-content\/uploads\/2018\/06\/Luciferine-11-200x300.jpg 200w, https:\/\/www.artificialis.eu\/wp-content\/uploads\/2018\/06\/Luciferine-11-683x1024.jpg 683w, https:\/\/www.artificialis.eu\/wp-content\/uploads\/2018\/06\/Luciferine-11-100x150.jpg 100w, https:\/\/www.artificialis.eu\/wp-content\/uploads\/2018\/06\/Luciferine-11.jpg 734w\" sizes=\"auto, (max-width: 200px) 100vw, 200px\" \/><\/a><\/p>\n<p>&nbsp;<\/p>\n<p style=\"text-align: center;\"><span style=\"color: #2c80aa;\"><a style=\"color: #2c80aa;\" href=\"https:\/\/www.artificialis.eu\/?page_id=1290\" target=\"_blank\" rel=\"noopener\">Petra Warras<\/a><\/span> offered her \u201c<a href=\"https:\/\/www.artificialis.eu\/?p=6662\" target=\"_blank\" rel=\"noopener\"><span style=\"color: #2c80aa;\">Luciferine 11<\/span><\/a>\u201d as artwork of the month. With the effects of hand colouring on a photo, the artist produces effects, which easily exceed the simple reproduction of nature. This causes ambiguities in the perception.<\/p>\n<p>&nbsp;<\/p>\n<p><a href=\"https:\/\/www.artificialis.eu\/wp-content\/uploads\/2018\/06\/LogoOT2018.jpg\" target=\"_blank\" rel=\"noopener\"><img loading=\"lazy\" decoding=\"async\" class=\"aligncenter wp-image-6832 size-medium\" title=\"OPENTOUR\" src=\"https:\/\/www.artificialis.eu\/wp-content\/uploads\/2018\/06\/LogoOT2018-300x300.jpg\" alt=\"\" width=\"300\" height=\"300\" srcset=\"https:\/\/www.artificialis.eu\/wp-content\/uploads\/2018\/06\/LogoOT2018-300x300.jpg 300w, https:\/\/www.artificialis.eu\/wp-content\/uploads\/2018\/06\/LogoOT2018-150x150.jpg 150w, https:\/\/www.artificialis.eu\/wp-content\/uploads\/2018\/06\/LogoOT2018-768x766.jpg 768w, https:\/\/www.artificialis.eu\/wp-content\/uploads\/2018\/06\/LogoOT2018-1024x1021.jpg 1024w\" sizes=\"auto, (max-width: 300px) 100vw, 300px\" \/><\/a><\/p>\n<p>&nbsp;<\/p>\n<p style=\"text-align: center;\">Once again, the Bolognese Academy of Fine Arts went on <a href=\"https:\/\/www.artificialis.eu\/?p=6713\" target=\"_blank\" rel=\"noopener\"><span style=\"color: #2c80aa;\">OPENTOUR<\/span><\/a>. We visited some of the galleries who invited students for an exhibition.<\/p>\n<p>&nbsp;<\/p>\n<p style=\"text-align: center;\"><strong>July<\/strong><\/p>\n<p>&nbsp;<\/p>\n<p><a href=\"https:\/\/www.artificialis.eu\/wp-content\/uploads\/2018\/07\/Poster.jpg\" target=\"_blank\" rel=\"noopener\"><img loading=\"lazy\" decoding=\"async\" class=\"aligncenter wp-image-6901 size-medium\" title=\"Thats' IT!\" src=\"https:\/\/www.artificialis.eu\/wp-content\/uploads\/2018\/07\/Poster-300x213.jpg\" alt=\"\" width=\"300\" height=\"213\" srcset=\"https:\/\/www.artificialis.eu\/wp-content\/uploads\/2018\/07\/Poster-300x213.jpg 300w, https:\/\/www.artificialis.eu\/wp-content\/uploads\/2018\/07\/Poster-768x545.jpg 768w, https:\/\/www.artificialis.eu\/wp-content\/uploads\/2018\/07\/Poster-1024x726.jpg 1024w, https:\/\/www.artificialis.eu\/wp-content\/uploads\/2018\/07\/Poster-150x106.jpg 150w\" sizes=\"auto, (max-width: 300px) 100vw, 300px\" \/><\/a><\/p>\n<p>&nbsp;<\/p>\n<p style=\"text-align: center;\">Young emerging artist were also in the MAMbo on focus. The new director of the museum, Lorenzo Balbi presented 56 artists and collectives born between 1980 and 1992, who mostly created new artworks for this <span style=\"color: #2c80aa;\"><a style=\"color: #2c80aa;\" href=\"https:\/\/www.artificialis.eu\/?p=6836\" target=\"_blank\" rel=\"noopener\">great summer show<\/a><\/span>.<\/p>\n<p>&nbsp;<\/p>\n<p style=\"text-align: center;\"><strong>August<\/strong><\/p>\n<p>&nbsp;<\/p>\n<p><a href=\"https:\/\/www.artificialis.eu\/wp-content\/uploads\/2018\/12\/Summerbreak.jpg\" target=\"_blank\" rel=\"noopener\"><img loading=\"lazy\" decoding=\"async\" class=\"aligncenter wp-image-7197 size-medium\" title=\"Summer break\" src=\"https:\/\/www.artificialis.eu\/wp-content\/uploads\/2018\/12\/Summerbreak-300x214.jpg\" alt=\"\" width=\"300\" height=\"214\" srcset=\"https:\/\/www.artificialis.eu\/wp-content\/uploads\/2018\/12\/Summerbreak-300x214.jpg 300w, https:\/\/www.artificialis.eu\/wp-content\/uploads\/2018\/12\/Summerbreak-768x548.jpg 768w, https:\/\/www.artificialis.eu\/wp-content\/uploads\/2018\/12\/Summerbreak-1024x730.jpg 1024w, https:\/\/www.artificialis.eu\/wp-content\/uploads\/2018\/12\/Summerbreak-150x107.jpg 150w\" sizes=\"auto, (max-width: 300px) 100vw, 300px\" \/><\/a><\/p>\n<p>&nbsp;<\/p>\n<p style=\"text-align: center;\">Summer break<\/p>\n<p>&nbsp;<\/p>\n<p style=\"text-align: center;\"><strong>September<\/strong><\/p>\n<p>&nbsp;<\/p>\n<p><a href=\"https:\/\/www.artificialis.eu\/wp-content\/uploads\/2018\/07\/37787982_2231028746912491_880241749040037888_n.jpg\" target=\"_blank\" rel=\"noopener\"><img loading=\"lazy\" decoding=\"async\" class=\"aligncenter wp-image-6914 size-medium\" title=\"Dancing Wave \u00a9 Patricia Lascabannes\" src=\"https:\/\/www.artificialis.eu\/wp-content\/uploads\/2018\/07\/37787982_2231028746912491_880241749040037888_n-300x150.jpg\" alt=\"\" width=\"300\" height=\"150\" srcset=\"https:\/\/www.artificialis.eu\/wp-content\/uploads\/2018\/07\/37787982_2231028746912491_880241749040037888_n-300x150.jpg 300w, https:\/\/www.artificialis.eu\/wp-content\/uploads\/2018\/07\/37787982_2231028746912491_880241749040037888_n-768x384.jpg 768w, https:\/\/www.artificialis.eu\/wp-content\/uploads\/2018\/07\/37787982_2231028746912491_880241749040037888_n-150x75.jpg 150w, https:\/\/www.artificialis.eu\/wp-content\/uploads\/2018\/07\/37787982_2231028746912491_880241749040037888_n.jpg 960w\" sizes=\"auto, (max-width: 300px) 100vw, 300px\" \/><\/a><\/p>\n<p>&nbsp;<\/p>\n<p style=\"text-align: center;\"><a href=\"https:\/\/www.artificialis.eu\/?page_id=6922\" target=\"_blank\" rel=\"noopener\"><span style=\"color: #2c80aa;\">Patricia Lascabannes<\/span><\/a> took us with \u201c<a href=\"https:\/\/www.artificialis.eu\/?p=6913\" target=\"_blank\" rel=\"noopener\"><span style=\"color: #2c80aa;\">Dancing Wave<\/span><\/a>\u201d on a sailing trip. With the image, the photographer illustrates the agitation of the see, in catching the very right moment.<\/p>\n<p>&nbsp;<\/p>\n<p><a href=\"https:\/\/www.artificialis.eu\/wp-content\/uploads\/2018\/09\/3830f08d-7875-426a-97c4-d4e256ef055d.jpg\" target=\"_blank\" rel=\"noopener\"><img loading=\"lazy\" decoding=\"async\" class=\"aligncenter wp-image-6931 size-medium\" title=\"Giovanni de Gara: Eldorato\" src=\"https:\/\/www.artificialis.eu\/wp-content\/uploads\/2018\/09\/3830f08d-7875-426a-97c4-d4e256ef055d-300x200.jpg\" alt=\"\" width=\"300\" height=\"200\" srcset=\"https:\/\/www.artificialis.eu\/wp-content\/uploads\/2018\/09\/3830f08d-7875-426a-97c4-d4e256ef055d-300x200.jpg 300w, https:\/\/www.artificialis.eu\/wp-content\/uploads\/2018\/09\/3830f08d-7875-426a-97c4-d4e256ef055d-768x512.jpg 768w, https:\/\/www.artificialis.eu\/wp-content\/uploads\/2018\/09\/3830f08d-7875-426a-97c4-d4e256ef055d-1024x682.jpg 1024w, https:\/\/www.artificialis.eu\/wp-content\/uploads\/2018\/09\/3830f08d-7875-426a-97c4-d4e256ef055d-150x100.jpg 150w, https:\/\/www.artificialis.eu\/wp-content\/uploads\/2018\/09\/3830f08d-7875-426a-97c4-d4e256ef055d.jpg 1600w\" sizes=\"auto, (max-width: 300px) 100vw, 300px\" \/><\/a><\/p>\n<p>&nbsp;<\/p>\n<p style=\"text-align: center;\">Another voyage started Giovanni de Gara with his project \u201cEldorato\u201d. Since June, he covers church portals all over Italy with golden thermal blankets. In an <a href=\"https:\/\/www.artificialis.eu\/?p=6929\" target=\"_blank\" rel=\"noopener\"><span style=\"color: #2c80aa;\">interview<\/span><\/a>, Giovanni explained the background and the development of the project.<\/p>\n<p>&nbsp;<\/p>\n<p style=\"text-align: center;\"><strong>October<\/strong><\/p>\n<p>&nbsp;<\/p>\n<p><a href=\"https:\/\/www.artificialis.eu\/wp-content\/uploads\/2018\/10\/GiorgioBevignani3.jpg\" target=\"_blank\" rel=\"noopener\"><img loading=\"lazy\" decoding=\"async\" class=\"aligncenter wp-image-7094 size-medium\" title=\"Giorgio Bevignani\" src=\"https:\/\/www.artificialis.eu\/wp-content\/uploads\/2018\/10\/GiorgioBevignani3-300x225.jpg\" alt=\"\" width=\"300\" height=\"225\" srcset=\"https:\/\/www.artificialis.eu\/wp-content\/uploads\/2018\/10\/GiorgioBevignani3-300x225.jpg 300w, https:\/\/www.artificialis.eu\/wp-content\/uploads\/2018\/10\/GiorgioBevignani3-768x576.jpg 768w, https:\/\/www.artificialis.eu\/wp-content\/uploads\/2018\/10\/GiorgioBevignani3-1024x768.jpg 1024w, https:\/\/www.artificialis.eu\/wp-content\/uploads\/2018\/10\/GiorgioBevignani3-150x113.jpg 150w\" sizes=\"auto, (max-width: 300px) 100vw, 300px\" \/><\/a><\/p>\n<p>&nbsp;<\/p>\n<p style=\"text-align: center;\">For the Autumn Season many new exhibitions opened in Bologna. We visited several of them and gave our impressions \u201c<a href=\"https:\/\/www.artificialis.eu\/?p=6937\" target=\"_blank\" rel=\"noopener\"><span style=\"color: #2c80aa;\">From white to colourful<\/span><\/a>\u201d.<\/p>\n<p>&nbsp;<\/p>\n<p><a href=\"https:\/\/www.artificialis.eu\/wp-content\/uploads\/2018\/09\/Agnese-Purgatorio-nella-clandestinit\u00e0.2013klein.jpg\" target=\"_blank\" rel=\"noopener\"><img loading=\"lazy\" decoding=\"async\" class=\"aligncenter wp-image-6928 size-medium\" title=\"Nella clandestinit\u00e0 \u00a9 Agnese Purgatorio, Courtesy Podbielki Contemporary Milano\" src=\"https:\/\/www.artificialis.eu\/wp-content\/uploads\/2018\/09\/Agnese-Purgatorio-nella-clandestinit\u00e0.2013klein-300x225.jpg\" alt=\"\" width=\"300\" height=\"225\" srcset=\"https:\/\/www.artificialis.eu\/wp-content\/uploads\/2018\/09\/Agnese-Purgatorio-nella-clandestinit\u00e0.2013klein-300x225.jpg 300w, https:\/\/www.artificialis.eu\/wp-content\/uploads\/2018\/09\/Agnese-Purgatorio-nella-clandestinit\u00e0.2013klein-768x576.jpg 768w, https:\/\/www.artificialis.eu\/wp-content\/uploads\/2018\/09\/Agnese-Purgatorio-nella-clandestinit\u00e0.2013klein-1024x768.jpg 1024w, https:\/\/www.artificialis.eu\/wp-content\/uploads\/2018\/09\/Agnese-Purgatorio-nella-clandestinit\u00e0.2013klein-150x112.jpg 150w, https:\/\/www.artificialis.eu\/wp-content\/uploads\/2018\/09\/Agnese-Purgatorio-nella-clandestinit\u00e0.2013klein.jpg 1134w\" sizes=\"auto, (max-width: 300px) 100vw, 300px\" \/><\/a><\/p>\n<p>&nbsp;<\/p>\n<p style=\"text-align: center;\">In her digital collage \u201c<a href=\"https:\/\/www.artificialis.eu\/?p=6927\" target=\"_blank\" rel=\"noopener\"><span style=\"color: #2c80aa;\">Nella clandestinit\u00e0<\/span><\/a>\u201d (Living clandestine) <a href=\"https:\/\/www.artificialis.eu\/?page_id=7164\" target=\"_blank\" rel=\"noopener\"><span style=\"color: #2c80aa;\">Agnese Purgatorio<\/span><\/a> turns the map of Italy into a raft carrying a group of people guided by a pregnant woman. It questions different forms of living clandestine.<\/p>\n<p>&nbsp;<\/p>\n<p><a href=\"https:\/\/www.artificialis.eu\/wp-content\/uploads\/2018\/09\/santomato.jpg\" target=\"_blank\" rel=\"noopener\"><img loading=\"lazy\" decoding=\"async\" class=\"aligncenter wp-image-6936 size-medium\" title=\"Giovanni de Gara: Eldorato\" src=\"https:\/\/www.artificialis.eu\/wp-content\/uploads\/2018\/09\/santomato-225x300.jpg\" alt=\"\" width=\"225\" height=\"300\" srcset=\"https:\/\/www.artificialis.eu\/wp-content\/uploads\/2018\/09\/santomato-225x300.jpg 225w, https:\/\/www.artificialis.eu\/wp-content\/uploads\/2018\/09\/santomato-768x1024.jpg 768w, https:\/\/www.artificialis.eu\/wp-content\/uploads\/2018\/09\/santomato-113x150.jpg 113w, https:\/\/www.artificialis.eu\/wp-content\/uploads\/2018\/09\/santomato.jpg 1200w\" sizes=\"auto, (max-width: 225px) 100vw, 225px\" \/><\/a><\/p>\n<p>&nbsp;<\/p>\n<p style=\"text-align: center;\">Giovanni de Gara travelled further in Italy. We gave some <a href=\"https:\/\/www.artificialis.eu\/?p=7153\" target=\"_blank\" rel=\"noopener\"><span style=\"color: #2c80aa;\">impressions<\/span><\/a> of the installations in Lampedusa, Palermo, Bologna and Parma.<\/p>\n<p>&nbsp;<\/p>\n<p style=\"text-align: center;\"><strong>November<\/strong><\/p>\n<p>&nbsp;<\/p>\n<p><a href=\"https:\/\/www.artificialis.eu\/wp-content\/uploads\/2018\/10\/IlPrimaUniverso2.jpg\" target=\"_blank\" rel=\"noopener\"><img loading=\"lazy\" decoding=\"async\" class=\"aligncenter wp-image-7152 size-medium\" title=\"Greta Sch\u00f6dl: Il Primo Universo\" src=\"https:\/\/www.artificialis.eu\/wp-content\/uploads\/2018\/10\/IlPrimaUniverso2-291x300.jpg\" alt=\"\" width=\"291\" height=\"300\" srcset=\"https:\/\/www.artificialis.eu\/wp-content\/uploads\/2018\/10\/IlPrimaUniverso2-291x300.jpg 291w, https:\/\/www.artificialis.eu\/wp-content\/uploads\/2018\/10\/IlPrimaUniverso2-768x792.jpg 768w, https:\/\/www.artificialis.eu\/wp-content\/uploads\/2018\/10\/IlPrimaUniverso2-145x150.jpg 145w, https:\/\/www.artificialis.eu\/wp-content\/uploads\/2018\/10\/IlPrimaUniverso2.jpg 960w\" sizes=\"auto, (max-width: 291px) 100vw, 291px\" \/><\/a><\/p>\n<p>&nbsp;<\/p>\n<p style=\"text-align: center;\"><a href=\"https:\/\/www.artificialis.eu\/?page_id=7161\" target=\"_blank\" rel=\"noopener\"><span style=\"color: #2c80aa;\">Greta Sch\u00f6dl<\/span><\/a> offered the artwork of November. \u201c<a href=\"https:\/\/www.artificialis.eu\/?p=7151\" target=\"_blank\" rel=\"noopener\"><span style=\"color: #2c80aa;\">Il Primo Universo<\/span><\/a>\u201d (The First Universe) refers to another galaxy as at first glance is to be expected. The key for the deciphering lies in the Greek mythology.<\/p>\n<p>&nbsp;<\/p>\n<p><a href=\"https:\/\/www.artificialis.eu\/wp-content\/uploads\/2018\/11\/Greta3.jpg\" target=\"_blank\" rel=\"noopener\"><img loading=\"lazy\" decoding=\"async\" class=\"aligncenter wp-image-7177 size-medium\" title=\"Greta Sch\u00f6dl: Untitled (asemic writing)\" src=\"https:\/\/www.artificialis.eu\/wp-content\/uploads\/2018\/11\/Greta3-230x300.jpg\" alt=\"\" width=\"230\" height=\"300\" srcset=\"https:\/\/www.artificialis.eu\/wp-content\/uploads\/2018\/11\/Greta3-230x300.jpg 230w, https:\/\/www.artificialis.eu\/wp-content\/uploads\/2018\/11\/Greta3-768x1001.jpg 768w, https:\/\/www.artificialis.eu\/wp-content\/uploads\/2018\/11\/Greta3-786x1024.jpg 786w, https:\/\/www.artificialis.eu\/wp-content\/uploads\/2018\/11\/Greta3-115x150.jpg 115w, https:\/\/www.artificialis.eu\/wp-content\/uploads\/2018\/11\/Greta3.jpg 1651w\" sizes=\"auto, (max-width: 230px) 100vw, 230px\" \/><\/a><\/p>\n<p>&nbsp;<\/p>\n<p style=\"text-align: center;\">Besides gold, scripture is very prominent in Greta Sch\u00f6dl\u2019s oeuvre. We met the 89 years old and still active artist in her apartment in Bologna, where we <a href=\"https:\/\/www.artificialis.eu\/?p=7174\" target=\"_blank\" rel=\"noopener\"><span style=\"color: #2c80aa;\">spoke<\/span><\/a> about her background, artistic career and work.<\/p>\n<p>&nbsp;<\/p>\n<p style=\"text-align: center;\"><strong>December<\/strong><\/p>\n<p>&nbsp;<\/p>\n<p><a href=\"https:\/\/www.artificialis.eu\/wp-content\/uploads\/2018\/11\/Garage-Still_-10-2014_Amsterdam_Jacquie-Maria-Wessels.jpg\" target=\"_blank\" rel=\"noopener\"><img loading=\"lazy\" decoding=\"async\" class=\"aligncenter wp-image-7168 size-medium\" title=\"Garage Still #10\/2014 \u00a9 Jacquie Maria Wessels \" src=\"https:\/\/www.artificialis.eu\/wp-content\/uploads\/2018\/11\/Garage-Still_-10-2014_Amsterdam_Jacquie-Maria-Wessels-300x300.jpg\" alt=\"\" width=\"300\" height=\"300\" srcset=\"https:\/\/www.artificialis.eu\/wp-content\/uploads\/2018\/11\/Garage-Still_-10-2014_Amsterdam_Jacquie-Maria-Wessels-300x300.jpg 300w, https:\/\/www.artificialis.eu\/wp-content\/uploads\/2018\/11\/Garage-Still_-10-2014_Amsterdam_Jacquie-Maria-Wessels-150x150.jpg 150w, https:\/\/www.artificialis.eu\/wp-content\/uploads\/2018\/11\/Garage-Still_-10-2014_Amsterdam_Jacquie-Maria-Wessels.jpg 600w\" sizes=\"auto, (max-width: 300px) 100vw, 300px\" \/><\/a><\/p>\n<p>&nbsp;<\/p>\n<p style=\"text-align: center;\">In December, <a href=\"https:\/\/www.artificialis.eu\/?page_id=7170\" target=\"_blank\" rel=\"noopener\"><span style=\"color: #2c80aa;\">Jacquie Maria Wessels<\/span><\/a> carried us off into the mysterious world of classical car repair garages. With \u201c<a href=\"https:\/\/www.artificialis.eu\/?p=7167\" target=\"_blank\" rel=\"noopener\"><span style=\"color: #2c80aa;\">Garage Still #10\/2014<\/span><\/a>\u201d she transforms partly unknown car tools into an open treasure chest.<\/p>\n<p>&nbsp;<\/p>\n<p>&nbsp;<\/p>\n<p style=\"text-align: center;\"><strong>Thank you for following us in 2018. We hope you\u2019ll be again our guest in 2019!<\/strong><\/p>\n<p style=\"text-align: center;\"><strong>HAPPY NEW YEAR!!!<\/strong><\/p>\n<p>&nbsp;<\/p>\n<p><a href=\"https:\/\/www.artificialis.eu\/wp-content\/uploads\/2018\/12\/Tybee_island_georgia_july_4_fireworks.jpg\" target=\"_blank\" rel=\"noopener\"><img loading=\"lazy\" decoding=\"async\" class=\"aligncenter wp-image-7198 size-medium\" title=\"Tybee island georgia july 4 fireworks, by Steevven1, licensed by Creative Commons Attribution 2.5 Generic\" src=\"https:\/\/www.artificialis.eu\/wp-content\/uploads\/2018\/12\/Tybee_island_georgia_july_4_fireworks-270x300.jpg\" alt=\"\" width=\"270\" height=\"300\" srcset=\"https:\/\/www.artificialis.eu\/wp-content\/uploads\/2018\/12\/Tybee_island_georgia_july_4_fireworks-270x300.jpg 270w, https:\/\/www.artificialis.eu\/wp-content\/uploads\/2018\/12\/Tybee_island_georgia_july_4_fireworks-135x150.jpg 135w, https:\/\/www.artificialis.eu\/wp-content\/uploads\/2018\/12\/Tybee_island_georgia_july_4_fireworks.jpg 522w\" sizes=\"auto, (max-width: 270px) 100vw, 270px\" \/><\/a><\/p>\n","protected":false},"excerpt":{"rendered":"<p>&nbsp; January &nbsp; &nbsp; We started 2018 with the diptych \u201cOuagadougou\/New York\u201d by Joana Choumali, where the artist from the Ivory Coast, reflects about the impact of migration in the home and the arrival countries. &nbsp; &nbsp; Moreover, we visited the exhibition \u201cArt x Cuba. Contemporary Perspectives since 1989\u201d in the Aachen Ludwig Forum f\u00fcr&#8230;&nbsp;(<a href=\"https:\/\/www.artificialis.eu\/?p=7193\">read more<\/a>)<\/p>\n","protected":false},"author":1,"featured_media":7199,"comment_status":"closed","ping_status":"closed","sticky":false,"template":"","format":"standard","meta":{"ngg_post_thumbnail":0,"footnotes":""},"categories":[18],"tags":[1356,1700],"class_list":["post-7193","post","type-post","status-publish","format-standard","has-post-thumbnail","hentry","category-exhibitions","tag-1356","tag-revisited"],"_links":{"self":[{"href":"https:\/\/www.artificialis.eu\/index.php?rest_route=\/wp\/v2\/posts\/7193","targetHints":{"allow":["GET"]}}],"collection":[{"href":"https:\/\/www.artificialis.eu\/index.php?rest_route=\/wp\/v2\/posts"}],"about":[{"href":"https:\/\/www.artificialis.eu\/index.php?rest_route=\/wp\/v2\/types\/post"}],"author":[{"embeddable":true,"href":"https:\/\/www.artificialis.eu\/index.php?rest_route=\/wp\/v2\/users\/1"}],"replies":[{"embeddable":true,"href":"https:\/\/www.artificialis.eu\/index.php?rest_route=%2Fwp%2Fv2%2Fcomments&post=7193"}],"version-history":[{"count":0,"href":"https:\/\/www.artificialis.eu\/index.php?rest_route=\/wp\/v2\/posts\/7193\/revisions"}],"wp:featuredmedia":[{"embeddable":true,"href":"https:\/\/www.artificialis.eu\/index.php?rest_route=\/wp\/v2\/media\/7199"}],"wp:attachment":[{"href":"https:\/\/www.artificialis.eu\/index.php?rest_route=%2Fwp%2Fv2%2Fmedia&parent=7193"}],"wp:term":[{"taxonomy":"category","embeddable":true,"href":"https:\/\/www.artificialis.eu\/index.php?rest_route=%2Fwp%2Fv2%2Fcategories&post=7193"},{"taxonomy":"post_tag","embeddable":true,"href":"https:\/\/www.artificialis.eu\/index.php?rest_route=%2Fwp%2Fv2%2Ftags&post=7193"}],"curies":[{"name":"wp","href":"https:\/\/api.w.org\/{rel}","templated":true}]}}